{"name":"Asociaci\u00f3n Folcl\u00f3rica Cultural Asub\u00edo","description":"Organizaci\u00f3n non lucrativa para a promoci\u00f3n e difusi\u00f3n da cultura e baile galegas","url":"http:\/\/asubio.org","home":"http:\/\/asubio.org","namespaces":["oembed\/1.0"],"authentication":[],"routes":{"\/":{"namespace":"","methods":["GET"],"endpoints":[{"methods":["GET"],"args":{"context":{"required":false,"default":"view"}}}],"_links":{"self":"http:\/\/asubio.org\/?rest_route=\/"}},"\/oembed\/1.0":{"namespace":"oembed\/1.0","methods":["GET"],"endpoints":[{"methods":["GET"],"args":{"namespace":{"required":false,"default":"oembed\/1.0"},"context":{"required":false,"default":"view"}}}],"_links":{"self":"http:\/\/asubio.org\/?rest_route=\/oembed\/1.0"}},"\/oembed\/1.0\/embed":{"namespace":"oembed\/1.0","methods":["GET"],"endpoints":[{"methods":["GET"],"args":{"url":{"required":true},"format":{"required":false,"default":"json"},"maxwidth":{"required":false,"default":600}}}],"_links":{"self":"http:\/\/asubio.org\/?rest_route=\/oembed\/1.0\/embed"}}},"_links":{"help":[{"href":"http:\/\/v2.wp-api.org\/"}]}}